{"id":405,"date":"2019-05-30T19:40:20","date_gmt":"2019-05-30T19:40:20","guid":{"rendered":"https:\/\/www.gemeindegottes-lahr.de\/?p=405"},"modified":"2019-05-30T19:42:35","modified_gmt":"2019-05-30T19:42:35","slug":"danksagung-fuer-unser-kreuz","status":"publish","type":"post","link":"https:\/\/www.gemeindegottes-lahr.de\/?p=405","title":{"rendered":"Danksagung f\u00fcr &#8222;unser&#8220; Kreuz"},"content":{"rendered":"<p>Das Kreuz hat f\u00fcr uns eine besonders wichtige Bedeutung. Es bedeutet \u00fcberflie\u00dfendes Leben im hier und jetzt, aber auch ewiges Leben \u00fcber den Tod hinaus, das Jesus uns schenkt. Nicht nur kostenfrei, sondern auch absolut alltagstauglich.<\/p>\n<p>Deshalb freuen wir uns \u00fcber diese besondere Realisierung von Uwe Beck (<a href=\"https:\/\/wand-druckerei.de\/\">https:\/\/wand-druckerei.de\/<\/a>) f\u00fcr unsere Gemeinde.<\/p>\n<p>\u00a0<\/p>\n<div style=\"width: 656px;\" class=\"wp-video\"><!--[if lt IE 9]><script>document.createElement('video');<\/script><![endif]-->\n<video class=\"wp-video-shortcode\" id=\"video-405-1\" width=\"656\" height=\"371\" preload=\"metadata\" controls=\"controls\"><source type=\"video\/mp4\" src=\"https:\/\/www.gemeindegottes-lahr.de\/wp-content\/uploads\/2019\/05\/VIDEO-2019-05-25-08-48-10.mp4?_=1\" \/><a href=\"https:\/\/www.gemeindegottes-lahr.de\/wp-content\/uploads\/2019\/05\/VIDEO-2019-05-25-08-48-10.mp4\">https:\/\/www.gemeindegottes-lahr.de\/wp-content\/uploads\/2019\/05\/VIDEO-2019-05-25-08-48-10.mp4<\/a><\/video><\/div>\n\n\n<p style=\"text-align:center\"><\/p>\n\n\n\n<p style=\"text-align:center\">SO SEHR HAT GOTT DIE WELT GELIEBT,<br>DASS ER SEINEN EIGENEN SOHN GAB,<br>DAMIT ALLE, DIE AN IHN GLAUBEN,<br>NICHT VERLOREN GEHEN, <br>SONDERN DAS EWIGE LEBEN HABEN.<br>Die Bibel, Johannes 3, 16<\/p>\n\n\n\n<p><\/p>\n","protected":false},"excerpt":{"rendered":"<p>Das Kreuz hat f\u00fcr uns eine besonders wichtige Bedeutung. Es bedeutet \u00fcberflie\u00dfendes Leben im hier und jetzt, aber auch ewiges Leben \u00fcber den Tod hinaus, das Jesus uns schenkt. Nicht nur kostenfrei, sondern auch absolut alltagstauglich. Deshalb freuen wir uns \u00fcber diese besondere Realisierung von Uwe Beck (https:\/\/wand-druckerei.de\/) f\u00fcr unsere Gemeinde. \u00a0 SO SEHR HAT [&hellip;]<\/p>\n","protected":false},"author":2,"featured_media":0,"comment_status":"open","ping_status":"open","sticky":false,"template":"","format":"standard","meta":[],"categories":[2,10,5],"tags":[],"_links":{"self":[{"href":"https:\/\/www.gemeindegottes-lahr.de\/index.php?rest_route=\/wp\/v2\/posts\/405"}],"collection":[{"href":"https:\/\/www.gemeindegottes-lahr.de\/index.php?rest_route=\/wp\/v2\/posts"}],"about":[{"href":"https:\/\/www.gemeindegottes-lahr.de\/index.php?rest_route=\/wp\/v2\/types\/post"}],"author":[{"embeddable":true,"href":"https:\/\/www.gemeindegottes-lahr.de\/index.php?rest_route=\/wp\/v2\/users\/2"}],"replies":[{"embeddable":true,"href":"https:\/\/www.gemeindegottes-lahr.de\/index.php?rest_route=%2Fwp%2Fv2%2Fcomments&post=405"}],"version-history":[{"count":8,"href":"https:\/\/www.gemeindegottes-lahr.de\/index.php?rest_route=\/wp\/v2\/posts\/405\/revisions"}],"predecessor-version":[{"id":414,"href":"https:\/\/www.gemeindegottes-lahr.de\/index.php?rest_route=\/wp\/v2\/posts\/405\/revisions\/414"}],"wp:attachment":[{"href":"https:\/\/www.gemeindegottes-lahr.de\/index.php?rest_route=%2Fwp%2Fv2%2Fmedia&parent=405"}],"wp:term":[{"taxonomy":"category","embeddable":true,"href":"https:\/\/www.gemeindegottes-lahr.de\/index.php?rest_route=%2Fwp%2Fv2%2Fcategories&post=405"},{"taxonomy":"post_tag","embeddable":true,"href":"https:\/\/www.gemeindegottes-lahr.de\/index.php?rest_route=%2Fwp%2Fv2%2Ftags&post=405"}],"curies":[{"name":"wp","href":"https:\/\/api.w.org\/{rel}","templated":true}]}}